{"id":1645,"date":"2026-03-20T11:52:52","date_gmt":"2026-03-20T14:52:52","guid":{"rendered":"https:\/\/nidtec.pol.una.py\/?p=1645"},"modified":"2026-03-20T11:52:52","modified_gmt":"2026-03-20T14:52:52","slug":"el-congreso-solabima-ha-sido-declarado-de-interes-por-la-camara-de-diputados-de-la-republica-del-paraguay","status":"publish","type":"post","link":"https:\/\/nidtec.pol.una.py\/index.php\/2026\/03\/20\/el-congreso-solabima-ha-sido-declarado-de-interes-por-la-camara-de-diputados-de-la-republica-del-paraguay\/","title":{"rendered":"El Congreso SOLABIMA ha sido declarado de inter\u00e9s por la C\u00e1mara de Diputados de la Rep\u00fablica del Paraguay"},"content":{"rendered":"\n<p>El Congreso SOLABIMA, a realizarse los dias 5 al 9 de octubre, ha sido declarado de inter\u00e9s por la C\u00e1mara de Diputados de la Rep\u00fablica del Paraguay, mediante Declaraci\u00f3n N.\u00ba 1459, de fecha 10 de marzo de 2026.<\/p>\n\n\n\n<p>P\u00e1gina del Evento: <a href=\"https:\/\/solabima2026.pol.una.py\/\">https:\/\/solabima2026.pol.una.py\/<\/a><\/p>\n\n\n\n<div data-wp-interactive=\"core\/file\" class=\"wp-block-file\"><object data-wp-bind--hidden=\"!state.hasPdfPreview\" hidden class=\"wp-block-file__embed\" data=\"https:\/\/nidtec.pol.una.py\/wp-content\/uploads\/2026\/03\/Declaracion_CD_1459.pdf\" type=\"application\/pdf\" style=\"width:100%;height:600px\" aria-label=\"Incrustado de Declaracion_CD_1459.\"><\/object><a id=\"wp-block-file--media-778f33e5-de74-4b69-9743-a6b3a97fb294\" href=\"https:\/\/nidtec.pol.una.py\/wp-content\/uploads\/2026\/03\/Declaracion_CD_1459.pdf\">Declaracion_CD_1459<\/a><a href=\"https:\/\/nidtec.pol.una.py\/wp-content\/uploads\/2026\/03\/Declaracion_CD_1459.pdf\" class=\"wp-block-file__button wp-element-button\" download aria-describedby=\"wp-block-file--media-778f33e5-de74-4b69-9743-a6b3a97fb294\">Descarga<\/a><\/div>\n","protected":false},"excerpt":{"rendered":"<p>El Congreso SOLABIMA, a realizarse los dias 5 al 9 de octubre, ha sido declarado de inter\u00e9s por la C\u00e1mara de Diputados de la Rep\u00fablica del Paraguay, mediante Declaraci\u00f3n N.\u00ba 1459, de fecha 10 de marzo de 2026. P\u00e1gina del <a href=\"https:\/\/nidtec.pol.una.py\/index.php\/2026\/03\/20\/el-congreso-solabima-ha-sido-declarado-de-interes-por-la-camara-de-diputados-de-la-republica-del-paraguay\/\" class=\"read-more\">Leer m\u00e1s&#8230;<\/a><\/p>\n","protected":false},"author":1,"featured_media":1648,"comment_status":"closed","ping_status":"closed","sticky":false,"template":"","format":"standard","meta":{"footnotes":""},"categories":[15],"tags":[],"class_list":["post-1645","post","type-post","status-publish","format-standard","has-post-thumbnail","hentry","category-noticias"],"_links":{"self":[{"href":"https:\/\/nidtec.pol.una.py\/index.php\/wp-json\/wp\/v2\/posts\/1645","targetHints":{"allow":["GET"]}}],"collection":[{"href":"https:\/\/nidtec.pol.una.py\/index.php\/wp-json\/wp\/v2\/posts"}],"about":[{"href":"https:\/\/nidtec.pol.una.py\/index.php\/wp-json\/wp\/v2\/types\/post"}],"author":[{"embeddable":true,"href":"https:\/\/nidtec.pol.una.py\/index.php\/wp-json\/wp\/v2\/users\/1"}],"replies":[{"embeddable":true,"href":"https:\/\/nidtec.pol.una.py\/index.php\/wp-json\/wp\/v2\/comments?post=1645"}],"version-history":[{"count":1,"href":"https:\/\/nidtec.pol.una.py\/index.php\/wp-json\/wp\/v2\/posts\/1645\/revisions"}],"predecessor-version":[{"id":1649,"href":"https:\/\/nidtec.pol.una.py\/index.php\/wp-json\/wp\/v2\/posts\/1645\/revisions\/1649"}],"wp:featuredmedia":[{"embeddable":true,"href":"https:\/\/nidtec.pol.una.py\/index.php\/wp-json\/wp\/v2\/media\/1648"}],"wp:attachment":[{"href":"https:\/\/nidtec.pol.una.py\/index.php\/wp-json\/wp\/v2\/media?parent=1645"}],"wp:term":[{"taxonomy":"category","embeddable":true,"href":"https:\/\/nidtec.pol.una.py\/index.php\/wp-json\/wp\/v2\/categories?post=1645"},{"taxonomy":"post_tag","embeddable":true,"href":"https:\/\/nidtec.pol.una.py\/index.php\/wp-json\/wp\/v2\/tags?post=1645"}],"curies":[{"name":"wp","href":"https:\/\/api.w.org\/{rel}","templated":true}]}}