{"id":128,"date":"2017-08-20T10:28:46","date_gmt":"2017-08-20T14:28:46","guid":{"rendered":"http:\/\/192.168.1.5\/?p=128"},"modified":"2018-07-30T16:01:12","modified_gmt":"2018-07-30T20:01:12","slug":"emalca-2017-corrientes","status":"publish","type":"post","link":"https:\/\/nidtec.pol.una.py\/index.php\/2017\/08\/20\/emalca-2017-corrientes\/","title":{"rendered":"EMALCA 2017 Corrientes"},"content":{"rendered":"<p><em>La Escuela de Matem\u00e1tica de Am\u00e9rica Latina y del Caribe EMALCA fue creada por la Uni\u00f3n Matem\u00e1tica de Am\u00e9rica Latina y el Caribe (UMALCA) en el a\u00f1o 1998 con el objetivo principal de contribuir al desarrollo de la Matem\u00e1tica en todas las regiones del continente, especialmente en Am\u00e9rica Central y el Caribe, poniendo a los j\u00f3venes en contacto con temas relevantes de inter\u00e9s actual y estimulando a los m\u00e1s destacados, entre \u00e9stos, a continuar estudios de posgrado.\u00a0<\/em><\/p>\n<p><em>La <\/em><a href=\"https:\/sites.google.com\/site\/emalca2017corrientes\/\"><em>EMALCA 2017 Corrientes <\/em><\/a><em>se realiz\u00f3 en la Facultad de Ciencias Exactas y Naturales y Agrimensura (FACENA) de la Universidad Nacional del Nordeste (UNNE) del 31 de Julio al 11 de Agosto de 2017 en la ciudad de Corrientes \u2013 Argentina, y cont\u00f3 con delegaciones de Argentina, Brasil, Chile, Colombia, Cuba, Ecuador, El Salvador, M\u00e9xico, Per\u00fa, y Paraguay.<\/em><\/p>\n<p><em>La segunda delegaci\u00f3n con mayor cantidad de participantes fue Paraguay con 10 (diez) estudiantes provenientes de la Universidad Nacional de Asunci\u00f3n (UNA), la Universidad Nacional de Concepci\u00f3n (UNC) y otras. La Sociedad Matem\u00e1tica Paraguaya (SMP) fue la instituci\u00f3n encargada de divulgar el evento y promover la participaci\u00f3n de j\u00f3venes paraguayos interesados por esta disciplina.<\/em><\/p>\n<p><em>El Dr. Christian Schaerer, Profesor Investigador de la Universidad Nacional de Asunci\u00f3n y actual Presidente de la Sociedad Matem\u00e1tica Paraguaya, dict\u00f3 la conferencia \u201cModelamiento Matem\u00e1tico de Fen\u00f3menos F\u00edsicos\u201d y refiri\u00f3 como exitosa la representaci\u00f3n de Paraguay en el evento. La EMALCA 2017 Corrientes se desarroll\u00f3 con una nutrida agenda de cursos y conferencias desarrolladas por renombrados Matem\u00e1ticos de Chile, Argentina y Paraguay.<\/em><\/p>\n<p><em><strong>Oportunidad de Vinculaci\u00f3n<\/strong><\/em><\/p>\n<p><em>Durante el desarrollo de la EMALCA 2017, las autoridades de la Universidad Nacional de Concepci\u00f3n UNC realizaron una visita oficial a la Universidad Nacional de Nordeste UNNE a fin de suscribir un Convenio Marco de Cooperaci\u00f3n, para el desarrollo de programas de movilidad de estudiantes y docentes en diversas \u00e1reas y otras actividades vinculaci\u00f3n acad\u00e9mica. El acuerdo fue rubricado por los Rectores de ambas instituciones de Educaci\u00f3n Superior, Profesora Delfina Veirav\u00e9 (UNNE) y el Doctor Clarito Rojas Mar\u00edn (UNC).<\/em><\/p>\n","protected":false},"excerpt":{"rendered":"<p>La Escuela de Matem\u00e1tica de Am\u00e9rica Latina y del Caribe EMALCA fue creada por la Uni\u00f3n Matem\u00e1tica de Am\u00e9rica Latina y el Caribe (UMALCA) en el a\u00f1o 1998 con el objetivo principal de contribuir al desarrollo de la Matem\u00e1tica en <a href=\"https:\/\/nidtec.pol.una.py\/index.php\/2017\/08\/20\/emalca-2017-corrientes\/\" class=\"read-more\">Leer m\u00e1s&#8230;<\/a><\/p>\n","protected":false},"author":1,"featured_media":0,"comment_status":"closed","ping_status":"open","sticky":false,"template":"","format":"standard","meta":{"footnotes":""},"categories":[6,7],"tags":[],"class_list":["post-128","post","type-post","status-publish","format-standard","hentry","category-actividades-academicas","category-eventos-externos"],"_links":{"self":[{"href":"https:\/\/nidtec.pol.una.py\/index.php\/wp-json\/wp\/v2\/posts\/128","targetHints":{"allow":["GET"]}}],"collection":[{"href":"https:\/\/nidtec.pol.una.py\/index.php\/wp-json\/wp\/v2\/posts"}],"about":[{"href":"https:\/\/nidtec.pol.una.py\/index.php\/wp-json\/wp\/v2\/types\/post"}],"author":[{"embeddable":true,"href":"https:\/\/nidtec.pol.una.py\/index.php\/wp-json\/wp\/v2\/users\/1"}],"replies":[{"embeddable":true,"href":"https:\/\/nidtec.pol.una.py\/index.php\/wp-json\/wp\/v2\/comments?post=128"}],"version-history":[{"count":1,"href":"https:\/\/nidtec.pol.una.py\/index.php\/wp-json\/wp\/v2\/posts\/128\/revisions"}],"predecessor-version":[{"id":129,"href":"https:\/\/nidtec.pol.una.py\/index.php\/wp-json\/wp\/v2\/posts\/128\/revisions\/129"}],"wp:attachment":[{"href":"https:\/\/nidtec.pol.una.py\/index.php\/wp-json\/wp\/v2\/media?parent=128"}],"wp:term":[{"taxonomy":"category","embeddable":true,"href":"https:\/\/nidtec.pol.una.py\/index.php\/wp-json\/wp\/v2\/categories?post=128"},{"taxonomy":"post_tag","embeddable":true,"href":"https:\/\/nidtec.pol.una.py\/index.php\/wp-json\/wp\/v2\/tags?post=128"}],"curies":[{"name":"wp","href":"https:\/\/api.w.org\/{rel}","templated":true}]}}